{"id":692,"date":"2025-10-31T18:20:07","date_gmt":"2025-10-31T18:20:07","guid":{"rendered":"https:\/\/riacevents.org\/ACE\/cordoba2025\/?p=692"},"modified":"2025-10-31T18:22:09","modified_gmt":"2025-10-31T18:22:09","slug":"maria-de-los-angeles-vela-del-rio","status":"publish","type":"post","link":"https:\/\/riacevents.org\/ACE\/cordoba2025\/2025\/10\/31\/maria-de-los-angeles-vela-del-rio\/","title":{"rendered":"Mar\u00eda de los Angeles Vela del R\u00edo"},"content":{"rendered":"\t\t<div data-elementor-type=\"wp-post\" data-elementor-id=\"692\" class=\"elementor elementor-692\" data-elementor-post-type=\"post\">\n\t\t\t\t<div class=\"elementor-element elementor-element-9a94b1a e-con-full e-flex e-con e-parent\" data-id=\"9a94b1a\" data-element_type=\"container\" data-e-type=\"container\">\n\t\t<div class=\"elementor-element elementor-element-8b4e9e6 e-con-full e-flex e-con e-child\" data-id=\"8b4e9e6\" data-element_type=\"container\" data-e-type=\"container\" data-settings=\"{&quot;background_background&quot;:&quot;classic&quot;}\">\n\t\t\t\t<\/div>\n\t\t<div class=\"elementor-element elementor-element-932656f e-con-full e-flex e-con e-child\" data-id=\"932656f\" data-element_type=\"container\" data-e-type=\"container\">\n\t\t\t\t<div class=\"elementor-element elementor-element-427f8a9 elementor-widget elementor-widget-heading\" data-id=\"427f8a9\" data-element_type=\"widget\" data-e-type=\"widget\" data-widget_type=\"heading.default\">\n\t\t\t\t\t<h2 class=\"elementor-heading-title elementor-size-default\">Mar\u00eda de los Angeles Vela del R\u00edo<\/h2>\t\t\t\t<\/div>\n\t\t\t\t<div class=\"elementor-element elementor-element-328987f elementor-widget elementor-widget-heading\" data-id=\"328987f\" data-element_type=\"widget\" data-e-type=\"widget\" data-widget_type=\"heading.default\">\n\t\t\t\t\t<h2 class=\"elementor-heading-title elementor-size-default\">Executive Director<\/h2>\t\t\t\t<\/div>\n\t\t\t\t<div class=\"elementor-element elementor-element-1a4d5e3 elementor-widget elementor-widget-heading\" data-id=\"1a4d5e3\" data-element_type=\"widget\" data-e-type=\"widget\" data-widget_type=\"heading.default\">\n\t\t\t\t\t<h2 class=\"elementor-heading-title elementor-size-default\">Software Cluster Monterrey Csoftmty<\/h2>\t\t\t\t<\/div>\n\t\t\t\t<div class=\"elementor-element elementor-element-e3a394c elementor-widget elementor-widget-image\" data-id=\"e3a394c\" data-element_type=\"widget\" data-e-type=\"widget\" data-widget_type=\"image.default\">\n\t\t\t\t\t\t\t\t\t\t\t\t\t\t\t<img fetchpriority=\"high\" decoding=\"async\" width=\"512\" height=\"512\" src=\"https:\/\/riacevents.org\/ACE\/cordoba2025\/wp-content\/uploads\/sites\/22\/2025\/10\/mexico.svg\" class=\"attachment-large size-large wp-image-456\" alt=\"\" \/>\t\t\t\t\t\t\t\t\t\t\t\t\t\t\t<\/div>\n\t\t\t\t<div class=\"elementor-element elementor-element-57c0782 elementor-widget elementor-widget-heading\" data-id=\"57c0782\" data-element_type=\"widget\" data-e-type=\"widget\" data-widget_type=\"heading.default\">\n\t\t\t\t\t<h2 class=\"elementor-heading-title elementor-size-default\">Mexico<\/h2>\t\t\t\t<\/div>\n\t\t\t\t<\/div>\n\t\t\t\t<\/div>\n\t\t<div class=\"elementor-element elementor-element-127a468 e-flex e-con-boxed e-con e-parent\" data-id=\"127a468\" data-element_type=\"container\" data-e-type=\"container\">\n\t\t\t\t\t<div class=\"e-con-inner\">\n\t\t\t\t<div class=\"elementor-element elementor-element-0b5d74c elementor-widget elementor-widget-heading\" data-id=\"0b5d74c\" data-element_type=\"widget\" data-e-type=\"widget\" data-widget_type=\"heading.default\">\n\t\t\t\t\t<h2 class=\"elementor-heading-title elementor-size-default\">angeles.vela@csoftmty.org<\/h2>\t\t\t\t<\/div>\n\t\t\t\t<div class=\"elementor-element elementor-element-c75e404 e-grid-align-left elementor-shape-rounded elementor-grid-0 elementor-widget elementor-widget-social-icons\" data-id=\"c75e404\" data-element_type=\"widget\" data-e-type=\"widget\" data-widget_type=\"social-icons.default\">\n\t\t\t\t\t\t\t<div class=\"elementor-social-icons-wrapper elementor-grid\">\n\t\t\t\t\t\t\t<span class=\"elementor-grid-item\">\n\t\t\t\t\t<a class=\"elementor-icon elementor-social-icon elementor-social-icon-linkedin elementor-repeater-item-4230cc6\" href=\"http:\/\/linkedin.com\/in\/angeles-vela-del-r\u00edo-66ab1339\" target=\"_blank\">\n\t\t\t\t\t\t<span class=\"elementor-screen-only\">Linkedin<\/span>\n\t\t\t\t\t\t<svg aria-hidden=\"true\" class=\"e-font-icon-svg e-fab-linkedin\" viewBox=\"0 0 448 512\" xmlns=\"http:\/\/www.w3.org\/2000\/svg\"><path d=\"M416 32H31.9C14.3 32 0 46.5 0 64.3v383.4C0 465.5 14.3 480 31.9 480H416c17.6 0 32-14.5 32-32.3V64.3c0-17.8-14.4-32.3-32-32.3zM135.4 416H69V202.2h66.5V416zm-33.2-243c-21.3 0-38.5-17.3-38.5-38.5S80.9 96 102.2 96c21.2 0 38.5 17.3 38.5 38.5 0 21.3-17.2 38.5-38.5 38.5zm282.1 243h-66.4V312c0-24.8-.5-56.7-34.5-56.7-34.6 0-39.9 27-39.9 54.9V416h-66.4V202.2h63.7v29.2h.9c8.9-16.8 30.6-34.5 62.9-34.5 67.2 0 79.7 44.3 79.7 101.9V416z\"><\/path><\/svg>\t\t\t\t\t<\/a>\n\t\t\t\t<\/span>\n\t\t\t\t\t<\/div>\n\t\t\t\t\t\t<\/div>\n\t\t\t\t<div class=\"elementor-element elementor-element-4c9bbae elementor-widget__width-initial elementor-widget elementor-widget-accordion\" data-id=\"4c9bbae\" data-element_type=\"widget\" data-e-type=\"widget\" data-widget_type=\"accordion.default\">\n\t\t\t\t\t\t\t<div class=\"elementor-accordion\">\n\t\t\t\t\t\t\t<div class=\"elementor-accordion-item\">\n\t\t\t\t\t<div id=\"elementor-tab-title-8031\" class=\"elementor-tab-title\" data-tab=\"1\" role=\"button\" aria-controls=\"elementor-tab-content-8031\" aria-expanded=\"false\">\n\t\t\t\t\t\t\t\t\t\t\t\t\t<span class=\"elementor-accordion-icon elementor-accordion-icon-left\" aria-hidden=\"true\">\n\t\t\t\t\t\t\t\t\t\t\t\t\t\t\t<span class=\"elementor-accordion-icon-closed\"><svg class=\"e-font-icon-svg e-fas-chevron-down\" viewBox=\"0 0 448 512\" xmlns=\"http:\/\/www.w3.org\/2000\/svg\"><path d=\"M207.029 381.476L12.686 187.132c-9.373-9.373-9.373-24.569 0-33.941l22.667-22.667c9.357-9.357 24.522-9.375 33.901-.04L224 284.505l154.745-154.021c9.379-9.335 24.544-9.317 33.901.04l22.667 22.667c9.373 9.373 9.373 24.569 0 33.941L240.971 381.476c-9.373 9.372-24.569 9.372-33.942 0z\"><\/path><\/svg><\/span>\n\t\t\t\t\t\t\t\t<span class=\"elementor-accordion-icon-opened\"><svg class=\"e-font-icon-svg e-fas-chevron-up\" viewBox=\"0 0 448 512\" xmlns=\"http:\/\/www.w3.org\/2000\/svg\"><path d=\"M240.971 130.524l194.343 194.343c9.373 9.373 9.373 24.569 0 33.941l-22.667 22.667c-9.357 9.357-24.522 9.375-33.901.04L224 227.495 69.255 381.516c-9.379 9.335-24.544 9.317-33.901-.04l-22.667-22.667c-9.373-9.373-9.373-24.569 0-33.941L207.03 130.525c9.372-9.373 24.568-9.373 33.941-.001z\"><\/path><\/svg><\/span>\n\t\t\t\t\t\t\t\t\t\t\t\t\t\t<\/span>\n\t\t\t\t\t\t\t\t\t\t\t\t<a class=\"elementor-accordion-title\" tabindex=\"0\">Biography<\/a>\n\t\t\t\t\t<\/div>\n\t\t\t\t\t<div id=\"elementor-tab-content-8031\" class=\"elementor-tab-content elementor-clearfix\" data-tab=\"1\" role=\"region\" aria-labelledby=\"elementor-tab-title-8031\">Angeles Vela del R\u00edo, Executive Director, Csoftmty She holds a degree in Industrial and Systems Engineering from\nUniversidad Iberoamericana and an MBA from Technologic de Monterrey. She began at the IT Cluster of Nuevo Le\u00f3n,\nCSOFTMTY, leading Funds and Financing and later Human Capital. Today, she is the General Director of the Cluster,\ndriving initiatives in Entrepreneurship and Innovation, Digital Transformation, Digital Talent, Strategic Markets and\nNearshoring, Gender Equity and Inclusion, as well as Artificial Intelligence and Emerging Technologies. She has\nchampioned programs to increase the participation of women in the tech industry in Mexico and has promoted training\nfor over 6,000 children and youth in STEM for eight consecutive years. She serves on several councils, including the\nNuevo Le\u00f3n Council for Digital Transformation, Invest Monterrey, and MXTI. Under her leadership, the Cluster has\nearned global Is the only it cluster out of Europe with this certifications, awards, and recognition, representing more than\n230 IT organizations in Northern Mexico. She has been recognized as STRONG WOMEN IN IT 3 times.<\/div>\n\t\t\t\t<\/div>\n\t\t\t\t\t\t\t\t<\/div>\n\t\t\t\t\t\t<\/div>\n\t\t\t\t\t<\/div>\n\t\t\t\t<\/div>\n\t\t<div class=\"elementor-element elementor-element-4fe79b6 e-flex e-con-boxed e-con e-parent\" data-id=\"4fe79b6\" data-element_type=\"container\" data-e-type=\"container\">\n\t\t\t\t\t<div class=\"e-con-inner\">\n\t\t\t\t<div class=\"elementor-element elementor-element-5071b0f elementor-widget__width-initial elementor-widget elementor-widget-accordion\" data-id=\"5071b0f\" data-element_type=\"widget\" data-e-type=\"widget\" data-widget_type=\"accordion.default\">\n\t\t\t\t\t\t\t<div class=\"elementor-accordion\">\n\t\t\t\t\t\t\t<div class=\"elementor-accordion-item\">\n\t\t\t\t\t<div id=\"elementor-tab-title-8431\" class=\"elementor-tab-title\" data-tab=\"1\" role=\"button\" aria-controls=\"elementor-tab-content-8431\" aria-expanded=\"false\">\n\t\t\t\t\t\t\t\t\t\t\t\t\t<span class=\"elementor-accordion-icon elementor-accordion-icon-left\" aria-hidden=\"true\">\n\t\t\t\t\t\t\t\t\t\t\t\t\t\t\t<span class=\"elementor-accordion-icon-closed\"><svg class=\"e-font-icon-svg e-fas-chevron-down\" viewBox=\"0 0 448 512\" xmlns=\"http:\/\/www.w3.org\/2000\/svg\"><path d=\"M207.029 381.476L12.686 187.132c-9.373-9.373-9.373-24.569 0-33.941l22.667-22.667c9.357-9.357 24.522-9.375 33.901-.04L224 284.505l154.745-154.021c9.379-9.335 24.544-9.317 33.901.04l22.667 22.667c9.373 9.373 9.373 24.569 0 33.941L240.971 381.476c-9.373 9.372-24.569 9.372-33.942 0z\"><\/path><\/svg><\/span>\n\t\t\t\t\t\t\t\t<span class=\"elementor-accordion-icon-opened\"><svg class=\"e-font-icon-svg e-fas-chevron-up\" viewBox=\"0 0 448 512\" xmlns=\"http:\/\/www.w3.org\/2000\/svg\"><path d=\"M240.971 130.524l194.343 194.343c9.373 9.373 9.373 24.569 0 33.941l-22.667 22.667c-9.357 9.357-24.522 9.375-33.901.04L224 227.495 69.255 381.516c-9.379 9.335-24.544 9.317-33.901-.04l-22.667-22.667c-9.373-9.373-9.373-24.569 0-33.941L207.03 130.525c9.372-9.373 24.568-9.373 33.941-.001z\"><\/path><\/svg><\/span>\n\t\t\t\t\t\t\t\t\t\t\t\t\t\t<\/span>\n\t\t\t\t\t\t\t\t\t\t\t\t<a class=\"elementor-accordion-title\" tabindex=\"0\">Reasons to Join the Program<\/a>\n\t\t\t\t\t<\/div>\n\t\t\t\t\t<div id=\"elementor-tab-content-8431\" class=\"elementor-tab-content elementor-clearfix\" data-tab=\"1\" role=\"region\" aria-labelledby=\"elementor-tab-title-8431\">I think Cordoba is very similar to Monterrey in some economic areas, so I think we can forge some alliances in the\ntechnological area with Innovation Centers, universities, technological development centers, among other areas. We&#8217;ve\nalready had some contacts with them through Argentines based in Monterrey, Mexico, especially in the areas of\ntechnology, smart cities, digital government, academia, and talent. Personally, I think Argentina and Mexico can have\ngreat commercial relationships in the area of technological innovation. I&#8217;m interested in learning about Globant&#8217;s case,\nsince it&#8217;s one of the companies that belongs to Csoftmty.<\/div>\n\t\t\t\t<\/div>\n\t\t\t\t\t\t\t\t<\/div>\n\t\t\t\t\t\t<\/div>\n\t\t\t\t\t<\/div>\n\t\t\t\t<\/div>\n\t\t<div class=\"elementor-element elementor-element-4aaea75 e-flex e-con-boxed e-con e-parent\" data-id=\"4aaea75\" data-element_type=\"container\" data-e-type=\"container\">\n\t\t\t\t\t<div class=\"e-con-inner\">\n\t\t\t\t<div class=\"elementor-element elementor-element-f58b13d elementor-widget elementor-widget-image\" data-id=\"f58b13d\" data-element_type=\"widget\" data-e-type=\"widget\" data-widget_type=\"image.default\">\n\t\t\t\t\t\t\t\t\t\t\t\t\t\t\t<img decoding=\"async\" width=\"1000\" height=\"179\" src=\"https:\/\/riacevents.org\/ACE\/cordoba2025\/wp-content\/uploads\/sites\/22\/2025\/09\/Committte-logos.png\" class=\"attachment-large size-large wp-image-97\" alt=\"\" srcset=\"https:\/\/riacevents.org\/ACE\/cordoba2025\/wp-content\/uploads\/sites\/22\/2025\/09\/Committte-logos.png 1000w, https:\/\/riacevents.org\/ACE\/cordoba2025\/wp-content\/uploads\/sites\/22\/2025\/09\/Committte-logos-300x54.png 300w, https:\/\/riacevents.org\/ACE\/cordoba2025\/wp-content\/uploads\/sites\/22\/2025\/09\/Committte-logos-768x137.png 768w\" sizes=\"(max-width: 1000px) 100vw, 1000px\" \/>\t\t\t\t\t\t\t\t\t\t\t\t\t\t\t<\/div>\n\t\t\t\t\t<\/div>\n\t\t\t\t<\/div>\n\t\t\t\t<\/div>\n\t\t","protected":false},"excerpt":{"rendered":"<p>Executive Director Software Cluster Monterrey Csoftmty Mexico angeles.vela@csoftmty.org Linkedin Biography Angeles Vela del R\u00edo, Executive Director, Csoftmty She holds a [&hellip;]<\/p>\n","protected":false},"author":1,"featured_media":458,"comment_status":"open","ping_status":"open","sticky":false,"template":"elementor_header_footer","format":"standard","meta":{"site-sidebar-layout":"default","site-content-layout":"","ast-site-content-layout":"default","site-content-style":"default","site-sidebar-style":"default","ast-global-header-display":"","ast-banner-title-visibility":"","ast-main-header-display":"","ast-hfb-above-header-display":"","ast-hfb-below-header-display":"","ast-hfb-mobile-header-display":"","site-post-title":"","ast-breadcrumbs-content":"","ast-featured-img":"","footer-sml-layout":"","ast-disable-related-posts":"","theme-transparent-header-meta":"","adv-header-id-meta":"","stick-header-meta":"","header-above-stick-meta":"","header-main-stick-meta":"","header-below-stick-meta":"","astra-migrate-meta-layouts":"default","ast-page-background-enabled":"default","ast-page-background-meta":{"desktop":{"background-color":"var(--ast-global-color-5)","background-image":"","background-repeat":"repeat","background-position":"center center","background-size":"auto","background-attachment":"scroll","background-type":"","background-media":"","overlay-type":"","overlay-color":"","overlay-opacity":"","overlay-gradient":""},"tablet":{"background-color":"","background-image":"","background-repeat":"repeat","background-position":"center center","background-size":"auto","background-attachment":"scroll","background-type":"","background-media":"","overlay-type":"","overlay-color":"","overlay-opacity":"","overlay-gradient":""},"mobile":{"background-color":"","background-image":"","background-repeat":"repeat","background-position":"center center","background-size":"auto","background-attachment":"scroll","background-type":"","background-media":"","overlay-type":"","overlay-color":"","overlay-opacity":"","overlay-gradient":""}},"ast-content-background-meta":{"desktop":{"background-color":"var(--ast-global-color-4)","background-image":"","background-repeat":"repeat","background-position":"center center","background-size":"auto","background-attachment":"scroll","background-type":"","background-media":"","overlay-type":"","overlay-color":"","overlay-opacity":"","overlay-gradient":""},"tablet":{"background-color":"var(--ast-global-color-4)","background-image":"","background-repeat":"repeat","background-position":"center center","background-size":"auto","background-attachment":"scroll","background-type":"","background-media":"","overlay-type":"","overlay-color":"","overlay-opacity":"","overlay-gradient":""},"mobile":{"background-color":"var(--ast-global-color-4)","background-image":"","background-repeat":"repeat","background-position":"center center","background-size":"auto","background-attachment":"scroll","background-type":"","background-media":"","overlay-type":"","overlay-color":"","overlay-opacity":"","overlay-gradient":""}},"footnotes":""},"categories":[1],"tags":[],"class_list":["post-692","post","type-post","status-publish","format-standard","has-post-thumbnail","hentry","category-uncategorized"],"yoast_head":"<!-- This site is optimized with the Yoast SEO plugin v27.7 - https:\/\/yoast.com\/product\/yoast-seo-wordpress\/ -->\n<title>Mar\u00eda de los Angeles Vela del R\u00edo&#8211; ACE C\u00f3rdoba 2025<\/title>\n<meta name=\"description\" content=\"Americas Competitiveness Exchange (ACE) The Premier Network for Economic Development, Innovation and Entrepreneurship\" \/>\n<meta name=\"robots\" content=\"index, follow, max-snippet:-1, max-image-preview:large, max-video-preview:-1\" \/>\n<link rel=\"canonical\" href=\"https:\/\/riacevents.org\/ACE\/cordoba2025\/2025\/10\/31\/maria-de-los-angeles-vela-del-rio\/\" \/>\n<meta property=\"og:locale\" content=\"es_ES\" \/>\n<meta property=\"og:type\" content=\"article\" \/>\n<meta property=\"og:title\" content=\"Mar\u00eda de los Angeles Vela del R\u00edo&#8211; ACE C\u00f3rdoba 2025\" \/>\n<meta property=\"og:description\" content=\"Americas Competitiveness Exchange (ACE) The Premier Network for Economic Development, Innovation and Entrepreneurship\" \/>\n<meta property=\"og:url\" content=\"https:\/\/riacevents.org\/ACE\/cordoba2025\/2025\/10\/31\/maria-de-los-angeles-vela-del-rio\/\" \/>\n<meta property=\"article:published_time\" content=\"2025-10-31T18:20:07+00:00\" \/>\n<meta property=\"article:modified_time\" content=\"2025-10-31T18:22:09+00:00\" \/>\n<meta property=\"og:image\" content=\"https:\/\/riacevents.org\/ACE\/cordoba2025\/wp-content\/uploads\/sites\/22\/2025\/10\/13889-152290483-Angeles-Vela-2022jpeg.jpeg\" \/>\n\t<meta property=\"og:image:width\" content=\"487\" \/>\n\t<meta property=\"og:image:height\" content=\"723\" \/>\n\t<meta property=\"og:image:type\" content=\"image\/jpeg\" \/>\n<meta name=\"author\" content=\"JuanSe - Design - Fonseca\" \/>\n<meta name=\"twitter:card\" content=\"summary_large_image\" \/>\n<meta name=\"twitter:label1\" content=\"Escrito por\" \/>\n\t<meta name=\"twitter:data1\" content=\"JuanSe - Design - Fonseca\" \/>\n\t<meta name=\"twitter:label2\" content=\"Tiempo de lectura\" \/>\n\t<meta name=\"twitter:data2\" content=\"1 minuto\" \/>\n<script type=\"application\/ld+json\" class=\"yoast-schema-graph\">{\"@context\":\"https:\\\/\\\/schema.org\",\"@graph\":[{\"@type\":\"Article\",\"@id\":\"https:\\\/\\\/riacevents.org\\\/ACE\\\/cordoba2025\\\/2025\\\/10\\\/31\\\/maria-de-los-angeles-vela-del-rio\\\/#article\",\"isPartOf\":{\"@id\":\"https:\\\/\\\/riacevents.org\\\/ACE\\\/cordoba2025\\\/2025\\\/10\\\/31\\\/maria-de-los-angeles-vela-del-rio\\\/\"},\"author\":{\"name\":\"JuanSe - Design - Fonseca\",\"@id\":\"https:\\\/\\\/riacevents.org\\\/ACE\\\/cordoba2025\\\/#\\\/schema\\\/person\\\/e10fa4ebedb2b6b2079582a9d9d63be4\"},\"headline\":\"Mar\u00eda de los Angeles Vela del R\u00edo\",\"datePublished\":\"2025-10-31T18:20:07+00:00\",\"dateModified\":\"2025-10-31T18:22:09+00:00\",\"mainEntityOfPage\":{\"@id\":\"https:\\\/\\\/riacevents.org\\\/ACE\\\/cordoba2025\\\/2025\\\/10\\\/31\\\/maria-de-los-angeles-vela-del-rio\\\/\"},\"wordCount\":295,\"commentCount\":0,\"publisher\":{\"@id\":\"https:\\\/\\\/riacevents.org\\\/ACE\\\/cordoba2025\\\/#organization\"},\"image\":{\"@id\":\"https:\\\/\\\/riacevents.org\\\/ACE\\\/cordoba2025\\\/2025\\\/10\\\/31\\\/maria-de-los-angeles-vela-del-rio\\\/#primaryimage\"},\"thumbnailUrl\":\"https:\\\/\\\/riacevents.org\\\/ACE\\\/cordoba2025\\\/wp-content\\\/uploads\\\/sites\\\/22\\\/2025\\\/10\\\/13889-152290483-Angeles-Vela-2022jpeg.jpeg\",\"articleSection\":[\"Uncategorized\"],\"inLanguage\":\"es-CO\",\"potentialAction\":[{\"@type\":\"CommentAction\",\"name\":\"Comment\",\"target\":[\"https:\\\/\\\/riacevents.org\\\/ACE\\\/cordoba2025\\\/2025\\\/10\\\/31\\\/maria-de-los-angeles-vela-del-rio\\\/#respond\"]}]},{\"@type\":\"WebPage\",\"@id\":\"https:\\\/\\\/riacevents.org\\\/ACE\\\/cordoba2025\\\/2025\\\/10\\\/31\\\/maria-de-los-angeles-vela-del-rio\\\/\",\"url\":\"https:\\\/\\\/riacevents.org\\\/ACE\\\/cordoba2025\\\/2025\\\/10\\\/31\\\/maria-de-los-angeles-vela-del-rio\\\/\",\"name\":\"Mar\u00eda de los Angeles Vela del R\u00edo&#8211; ACE C\u00f3rdoba 2025\",\"isPartOf\":{\"@id\":\"https:\\\/\\\/riacevents.org\\\/ACE\\\/cordoba2025\\\/#website\"},\"primaryImageOfPage\":{\"@id\":\"https:\\\/\\\/riacevents.org\\\/ACE\\\/cordoba2025\\\/2025\\\/10\\\/31\\\/maria-de-los-angeles-vela-del-rio\\\/#primaryimage\"},\"image\":{\"@id\":\"https:\\\/\\\/riacevents.org\\\/ACE\\\/cordoba2025\\\/2025\\\/10\\\/31\\\/maria-de-los-angeles-vela-del-rio\\\/#primaryimage\"},\"thumbnailUrl\":\"https:\\\/\\\/riacevents.org\\\/ACE\\\/cordoba2025\\\/wp-content\\\/uploads\\\/sites\\\/22\\\/2025\\\/10\\\/13889-152290483-Angeles-Vela-2022jpeg.jpeg\",\"datePublished\":\"2025-10-31T18:20:07+00:00\",\"dateModified\":\"2025-10-31T18:22:09+00:00\",\"description\":\"Americas Competitiveness Exchange (ACE) The Premier Network for Economic Development, Innovation and Entrepreneurship\",\"breadcrumb\":{\"@id\":\"https:\\\/\\\/riacevents.org\\\/ACE\\\/cordoba2025\\\/2025\\\/10\\\/31\\\/maria-de-los-angeles-vela-del-rio\\\/#breadcrumb\"},\"inLanguage\":\"es-CO\",\"potentialAction\":[{\"@type\":\"ReadAction\",\"target\":[\"https:\\\/\\\/riacevents.org\\\/ACE\\\/cordoba2025\\\/2025\\\/10\\\/31\\\/maria-de-los-angeles-vela-del-rio\\\/\"]}]},{\"@type\":\"ImageObject\",\"inLanguage\":\"es-CO\",\"@id\":\"https:\\\/\\\/riacevents.org\\\/ACE\\\/cordoba2025\\\/2025\\\/10\\\/31\\\/maria-de-los-angeles-vela-del-rio\\\/#primaryimage\",\"url\":\"https:\\\/\\\/riacevents.org\\\/ACE\\\/cordoba2025\\\/wp-content\\\/uploads\\\/sites\\\/22\\\/2025\\\/10\\\/13889-152290483-Angeles-Vela-2022jpeg.jpeg\",\"contentUrl\":\"https:\\\/\\\/riacevents.org\\\/ACE\\\/cordoba2025\\\/wp-content\\\/uploads\\\/sites\\\/22\\\/2025\\\/10\\\/13889-152290483-Angeles-Vela-2022jpeg.jpeg\",\"width\":487,\"height\":723},{\"@type\":\"BreadcrumbList\",\"@id\":\"https:\\\/\\\/riacevents.org\\\/ACE\\\/cordoba2025\\\/2025\\\/10\\\/31\\\/maria-de-los-angeles-vela-del-rio\\\/#breadcrumb\",\"itemListElement\":[{\"@type\":\"ListItem\",\"position\":1,\"name\":\"Home\",\"item\":\"https:\\\/\\\/riacevents.org\\\/ACE\\\/cordoba2025\\\/\"},{\"@type\":\"ListItem\",\"position\":2,\"name\":\"Mar\u00eda de los Angeles Vela del R\u00edo\"}]},{\"@type\":\"WebSite\",\"@id\":\"https:\\\/\\\/riacevents.org\\\/ACE\\\/cordoba2025\\\/#website\",\"url\":\"https:\\\/\\\/riacevents.org\\\/ACE\\\/cordoba2025\\\/\",\"name\":\"\",\"description\":\"\",\"publisher\":{\"@id\":\"https:\\\/\\\/riacevents.org\\\/ACE\\\/cordoba2025\\\/#organization\"},\"potentialAction\":[{\"@type\":\"SearchAction\",\"target\":{\"@type\":\"EntryPoint\",\"urlTemplate\":\"https:\\\/\\\/riacevents.org\\\/ACE\\\/cordoba2025\\\/?s={search_term_string}\"},\"query-input\":{\"@type\":\"PropertyValueSpecification\",\"valueRequired\":true,\"valueName\":\"search_term_string\"}}],\"inLanguage\":\"es-CO\"},{\"@type\":\"Organization\",\"@id\":\"https:\\\/\\\/riacevents.org\\\/ACE\\\/cordoba2025\\\/#organization\",\"name\":\"Americas Competitiveness Exchange - ACE Louisiana\",\"url\":\"https:\\\/\\\/riacevents.org\\\/ACE\\\/cordoba2025\\\/\",\"logo\":{\"@type\":\"ImageObject\",\"inLanguage\":\"es-CO\",\"@id\":\"https:\\\/\\\/riacevents.org\\\/ACE\\\/cordoba2025\\\/#\\\/schema\\\/logo\\\/image\\\/\",\"url\":\"https:\\\/\\\/riacevents.org\\\/ACE\\\/louisiana\\\/wp-content\\\/uploads\\\/sites\\\/11\\\/2021\\\/12\\\/cropped-LOGO-ACE-LOUISIANA.png\",\"contentUrl\":\"https:\\\/\\\/riacevents.org\\\/ACE\\\/louisiana\\\/wp-content\\\/uploads\\\/sites\\\/11\\\/2021\\\/12\\\/cropped-LOGO-ACE-LOUISIANA.png\",\"width\":1776,\"height\":592,\"caption\":\"Americas Competitiveness Exchange - ACE Louisiana\"},\"image\":{\"@id\":\"https:\\\/\\\/riacevents.org\\\/ACE\\\/cordoba2025\\\/#\\\/schema\\\/logo\\\/image\\\/\"}},{\"@type\":\"Person\",\"@id\":\"https:\\\/\\\/riacevents.org\\\/ACE\\\/cordoba2025\\\/#\\\/schema\\\/person\\\/e10fa4ebedb2b6b2079582a9d9d63be4\",\"name\":\"JuanSe - Design - Fonseca\",\"image\":{\"@type\":\"ImageObject\",\"inLanguage\":\"es-CO\",\"@id\":\"https:\\\/\\\/secure.gravatar.com\\\/avatar\\\/e2cb17a67f9fd012692419caf25b72044ea297d982070d3e959346b3f2a60fbc?s=96&d=mm&r=g\",\"url\":\"https:\\\/\\\/secure.gravatar.com\\\/avatar\\\/e2cb17a67f9fd012692419caf25b72044ea297d982070d3e959346b3f2a60fbc?s=96&d=mm&r=g\",\"contentUrl\":\"https:\\\/\\\/secure.gravatar.com\\\/avatar\\\/e2cb17a67f9fd012692419caf25b72044ea297d982070d3e959346b3f2a60fbc?s=96&d=mm&r=g\",\"caption\":\"JuanSe - Design - Fonseca\"}}]}<\/script>\n<!-- \/ Yoast SEO plugin. -->","yoast_head_json":{"title":"Mar\u00eda de los Angeles Vela del R\u00edo&#8211; ACE C\u00f3rdoba 2025","description":"Americas Competitiveness Exchange (ACE) The Premier Network for Economic Development, Innovation and Entrepreneurship","robots":{"index":"index","follow":"follow","max-snippet":"max-snippet:-1","max-image-preview":"max-image-preview:large","max-video-preview":"max-video-preview:-1"},"canonical":"https:\/\/riacevents.org\/ACE\/cordoba2025\/2025\/10\/31\/maria-de-los-angeles-vela-del-rio\/","og_locale":"es_ES","og_type":"article","og_title":"Mar\u00eda de los Angeles Vela del R\u00edo&#8211; ACE C\u00f3rdoba 2025","og_description":"Americas Competitiveness Exchange (ACE) The Premier Network for Economic Development, Innovation and Entrepreneurship","og_url":"https:\/\/riacevents.org\/ACE\/cordoba2025\/2025\/10\/31\/maria-de-los-angeles-vela-del-rio\/","article_published_time":"2025-10-31T18:20:07+00:00","article_modified_time":"2025-10-31T18:22:09+00:00","og_image":[{"width":487,"height":723,"url":"https:\/\/riacevents.org\/ACE\/cordoba2025\/wp-content\/uploads\/sites\/22\/2025\/10\/13889-152290483-Angeles-Vela-2022jpeg.jpeg","type":"image\/jpeg"}],"author":"JuanSe - Design - Fonseca","twitter_card":"summary_large_image","twitter_misc":{"Escrito por":"JuanSe - Design - Fonseca","Tiempo de lectura":"1 minuto"},"schema":{"@context":"https:\/\/schema.org","@graph":[{"@type":"Article","@id":"https:\/\/riacevents.org\/ACE\/cordoba2025\/2025\/10\/31\/maria-de-los-angeles-vela-del-rio\/#article","isPartOf":{"@id":"https:\/\/riacevents.org\/ACE\/cordoba2025\/2025\/10\/31\/maria-de-los-angeles-vela-del-rio\/"},"author":{"name":"JuanSe - Design - Fonseca","@id":"https:\/\/riacevents.org\/ACE\/cordoba2025\/#\/schema\/person\/e10fa4ebedb2b6b2079582a9d9d63be4"},"headline":"Mar\u00eda de los Angeles Vela del R\u00edo","datePublished":"2025-10-31T18:20:07+00:00","dateModified":"2025-10-31T18:22:09+00:00","mainEntityOfPage":{"@id":"https:\/\/riacevents.org\/ACE\/cordoba2025\/2025\/10\/31\/maria-de-los-angeles-vela-del-rio\/"},"wordCount":295,"commentCount":0,"publisher":{"@id":"https:\/\/riacevents.org\/ACE\/cordoba2025\/#organization"},"image":{"@id":"https:\/\/riacevents.org\/ACE\/cordoba2025\/2025\/10\/31\/maria-de-los-angeles-vela-del-rio\/#primaryimage"},"thumbnailUrl":"https:\/\/riacevents.org\/ACE\/cordoba2025\/wp-content\/uploads\/sites\/22\/2025\/10\/13889-152290483-Angeles-Vela-2022jpeg.jpeg","articleSection":["Uncategorized"],"inLanguage":"es-CO","potentialAction":[{"@type":"CommentAction","name":"Comment","target":["https:\/\/riacevents.org\/ACE\/cordoba2025\/2025\/10\/31\/maria-de-los-angeles-vela-del-rio\/#respond"]}]},{"@type":"WebPage","@id":"https:\/\/riacevents.org\/ACE\/cordoba2025\/2025\/10\/31\/maria-de-los-angeles-vela-del-rio\/","url":"https:\/\/riacevents.org\/ACE\/cordoba2025\/2025\/10\/31\/maria-de-los-angeles-vela-del-rio\/","name":"Mar\u00eda de los Angeles Vela del R\u00edo&#8211; ACE C\u00f3rdoba 2025","isPartOf":{"@id":"https:\/\/riacevents.org\/ACE\/cordoba2025\/#website"},"primaryImageOfPage":{"@id":"https:\/\/riacevents.org\/ACE\/cordoba2025\/2025\/10\/31\/maria-de-los-angeles-vela-del-rio\/#primaryimage"},"image":{"@id":"https:\/\/riacevents.org\/ACE\/cordoba2025\/2025\/10\/31\/maria-de-los-angeles-vela-del-rio\/#primaryimage"},"thumbnailUrl":"https:\/\/riacevents.org\/ACE\/cordoba2025\/wp-content\/uploads\/sites\/22\/2025\/10\/13889-152290483-Angeles-Vela-2022jpeg.jpeg","datePublished":"2025-10-31T18:20:07+00:00","dateModified":"2025-10-31T18:22:09+00:00","description":"Americas Competitiveness Exchange (ACE) The Premier Network for Economic Development, Innovation and Entrepreneurship","breadcrumb":{"@id":"https:\/\/riacevents.org\/ACE\/cordoba2025\/2025\/10\/31\/maria-de-los-angeles-vela-del-rio\/#breadcrumb"},"inLanguage":"es-CO","potentialAction":[{"@type":"ReadAction","target":["https:\/\/riacevents.org\/ACE\/cordoba2025\/2025\/10\/31\/maria-de-los-angeles-vela-del-rio\/"]}]},{"@type":"ImageObject","inLanguage":"es-CO","@id":"https:\/\/riacevents.org\/ACE\/cordoba2025\/2025\/10\/31\/maria-de-los-angeles-vela-del-rio\/#primaryimage","url":"https:\/\/riacevents.org\/ACE\/cordoba2025\/wp-content\/uploads\/sites\/22\/2025\/10\/13889-152290483-Angeles-Vela-2022jpeg.jpeg","contentUrl":"https:\/\/riacevents.org\/ACE\/cordoba2025\/wp-content\/uploads\/sites\/22\/2025\/10\/13889-152290483-Angeles-Vela-2022jpeg.jpeg","width":487,"height":723},{"@type":"BreadcrumbList","@id":"https:\/\/riacevents.org\/ACE\/cordoba2025\/2025\/10\/31\/maria-de-los-angeles-vela-del-rio\/#breadcrumb","itemListElement":[{"@type":"ListItem","position":1,"name":"Home","item":"https:\/\/riacevents.org\/ACE\/cordoba2025\/"},{"@type":"ListItem","position":2,"name":"Mar\u00eda de los Angeles Vela del R\u00edo"}]},{"@type":"WebSite","@id":"https:\/\/riacevents.org\/ACE\/cordoba2025\/#website","url":"https:\/\/riacevents.org\/ACE\/cordoba2025\/","name":"","description":"","publisher":{"@id":"https:\/\/riacevents.org\/ACE\/cordoba2025\/#organization"},"potentialAction":[{"@type":"SearchAction","target":{"@type":"EntryPoint","urlTemplate":"https:\/\/riacevents.org\/ACE\/cordoba2025\/?s={search_term_string}"},"query-input":{"@type":"PropertyValueSpecification","valueRequired":true,"valueName":"search_term_string"}}],"inLanguage":"es-CO"},{"@type":"Organization","@id":"https:\/\/riacevents.org\/ACE\/cordoba2025\/#organization","name":"Americas Competitiveness Exchange - ACE Louisiana","url":"https:\/\/riacevents.org\/ACE\/cordoba2025\/","logo":{"@type":"ImageObject","inLanguage":"es-CO","@id":"https:\/\/riacevents.org\/ACE\/cordoba2025\/#\/schema\/logo\/image\/","url":"https:\/\/riacevents.org\/ACE\/louisiana\/wp-content\/uploads\/sites\/11\/2021\/12\/cropped-LOGO-ACE-LOUISIANA.png","contentUrl":"https:\/\/riacevents.org\/ACE\/louisiana\/wp-content\/uploads\/sites\/11\/2021\/12\/cropped-LOGO-ACE-LOUISIANA.png","width":1776,"height":592,"caption":"Americas Competitiveness Exchange - ACE Louisiana"},"image":{"@id":"https:\/\/riacevents.org\/ACE\/cordoba2025\/#\/schema\/logo\/image\/"}},{"@type":"Person","@id":"https:\/\/riacevents.org\/ACE\/cordoba2025\/#\/schema\/person\/e10fa4ebedb2b6b2079582a9d9d63be4","name":"JuanSe - Design - Fonseca","image":{"@type":"ImageObject","inLanguage":"es-CO","@id":"https:\/\/secure.gravatar.com\/avatar\/e2cb17a67f9fd012692419caf25b72044ea297d982070d3e959346b3f2a60fbc?s=96&d=mm&r=g","url":"https:\/\/secure.gravatar.com\/avatar\/e2cb17a67f9fd012692419caf25b72044ea297d982070d3e959346b3f2a60fbc?s=96&d=mm&r=g","contentUrl":"https:\/\/secure.gravatar.com\/avatar\/e2cb17a67f9fd012692419caf25b72044ea297d982070d3e959346b3f2a60fbc?s=96&d=mm&r=g","caption":"JuanSe - Design - Fonseca"}}]}},"_links":{"self":[{"href":"https:\/\/riacevents.org\/ACE\/cordoba2025\/wp-json\/wp\/v2\/posts\/692","targetHints":{"allow":["GET"]}}],"collection":[{"href":"https:\/\/riacevents.org\/ACE\/cordoba2025\/wp-json\/wp\/v2\/posts"}],"about":[{"href":"https:\/\/riacevents.org\/ACE\/cordoba2025\/wp-json\/wp\/v2\/types\/post"}],"author":[{"embeddable":true,"href":"https:\/\/riacevents.org\/ACE\/cordoba2025\/wp-json\/wp\/v2\/users\/1"}],"replies":[{"embeddable":true,"href":"https:\/\/riacevents.org\/ACE\/cordoba2025\/wp-json\/wp\/v2\/comments?post=692"}],"version-history":[{"count":4,"href":"https:\/\/riacevents.org\/ACE\/cordoba2025\/wp-json\/wp\/v2\/posts\/692\/revisions"}],"predecessor-version":[{"id":696,"href":"https:\/\/riacevents.org\/ACE\/cordoba2025\/wp-json\/wp\/v2\/posts\/692\/revisions\/696"}],"wp:featuredmedia":[{"embeddable":true,"href":"https:\/\/riacevents.org\/ACE\/cordoba2025\/wp-json\/wp\/v2\/media\/458"}],"wp:attachment":[{"href":"https:\/\/riacevents.org\/ACE\/cordoba2025\/wp-json\/wp\/v2\/media?parent=692"}],"wp:term":[{"taxonomy":"category","embeddable":true,"href":"https:\/\/riacevents.org\/ACE\/cordoba2025\/wp-json\/wp\/v2\/categories?post=692"},{"taxonomy":"post_tag","embeddable":true,"href":"https:\/\/riacevents.org\/ACE\/cordoba2025\/wp-json\/wp\/v2\/tags?post=692"}],"curies":[{"name":"wp","href":"https:\/\/api.w.org\/{rel}","templated":true}]}}